{"id":175,"count":14,"description":"","link":"https:\/\/acompanhamais.cm-tavira.pt\/index.php\/sub-categoria\/crescer-com-identidade-e-cultura\/","name":"CRESCER COM IDENTIDADE E CULTURA","slug":"crescer-com-identidade-e-cultura","taxonomy":"sub_categoria","parent":0,"meta":[],"titulo":{"value":"","rendered":""},"conteudo":{"value":"Tavira \u00e9 \u00fanica. \u00c9 uma das cidades portuguesas mais ricas em patrim\u00f3nio arquitect\u00f3nico e hist\u00f3rico, com influ\u00eancia \u00e1rabe, azulejos decorativos, portas e janelas com molduras de pedra trabalhada e telhados de duas e quatro \u00e1guas e um rico patrim\u00f3nio religioso.\r\n\r\nComo comunidade\u00a0 representativa\u00a0 da Dieta Mediterr\u00e2nica, Patrim\u00f3nio Imaterial da Humanidade pela UNESCO, \u00e9 embaixadora da cultura mediterr\u00e2nica - do\u00a0 conhecimento e dos saberes, da paisagem e dos produtos artesanais, dos h\u00e1bitos alimentares, da gastronomia - \u00e9 um orgulho mas uma grande responsabilidade que queremos superar.\r\n\r\nTamb\u00e9m a cultura nas suas diversas manifesta\u00e7\u00e3o \u00e9 um setor estrat\u00e9gico para o desenvolvimento das pessoas, do territ\u00f3rio e contribui para a preserva\u00e7\u00e3o da identidade cultural.\r\n\r\nA universaliza\u00e7\u00e3o do acesso \u00e0 cultura por todos \u00e9 sinal de progresso mas tamb\u00e9m permite conhecer o percurso hist\u00f3rico da comunidade e suas ra\u00edzes. Torna-nos mais plenos em direitos.\u00a0 Por isso, trabalh\u00e1mos para democratizar a cultura, durante todo o ano, sabendo que assim contribu\u00edmos fortemente para o desenvolvimento humano e social, bem como para a inclus\u00e3o, diversidade e coes\u00e3o social.","rendered":"<p>Tavira \u00e9 \u00fanica. \u00c9 uma das cidades portuguesas mais ricas em patrim\u00f3nio arquitect\u00f3nico e hist\u00f3rico, com influ\u00eancia \u00e1rabe, azulejos decorativos, portas e janelas com molduras de pedra trabalhada e telhados de duas e quatro \u00e1guas e um rico patrim\u00f3nio religioso.<\/p>\n<p>Como comunidade\u00a0 representativa\u00a0 da Dieta Mediterr\u00e2nica, Patrim\u00f3nio Imaterial da Humanidade pela UNESCO, \u00e9 embaixadora da cultura mediterr\u00e2nica &#8211; do\u00a0 conhecimento e dos saberes, da paisagem e dos produtos artesanais, dos h\u00e1bitos alimentares, da gastronomia &#8211; \u00e9 um orgulho mas uma grande responsabilidade que queremos superar.<\/p>\n<p>Tamb\u00e9m a cultura nas suas diversas manifesta\u00e7\u00e3o \u00e9 um setor estrat\u00e9gico para o desenvolvimento das pessoas, do territ\u00f3rio e contribui para a preserva\u00e7\u00e3o da identidade cultural.<\/p>\n<p>A universaliza\u00e7\u00e3o do acesso \u00e0 cultura por todos \u00e9 sinal de progresso mas tamb\u00e9m permite conhecer o percurso hist\u00f3rico da comunidade e suas ra\u00edzes. Torna-nos mais plenos em direitos.\u00a0 Por isso, trabalh\u00e1mos para democratizar a cultura, durante todo o ano, sabendo que assim contribu\u00edmos fortemente para o desenvolvimento humano e social, bem como para a inclus\u00e3o, diversidade e coes\u00e3o social.<\/p>\n"},"mandato":{"value":[{"term_id":25,"name":"Mandato 2025 - 2029","slug":"mandato-2025-2029","description":"","taxonomy":"mandato","parent":0,"term_taxonomy_id":25,"term_group":0,"count":118,"object_id":null,"term_order":null,"id":25}],"rendered":"Mandato 2025 - 2029"},"ordem":{"value":"2","rendered":"2"},"_links":{"self":[{"href":"https:\/\/acompanhamais.cm-tavira.pt\/index.php\/wp-json\/wp\/v2\/sub_categoria\/175","targetHints":{"allow":["GET"]}}],"collection":[{"href":"https:\/\/acompanhamais.cm-tavira.pt\/index.php\/wp-json\/wp\/v2\/sub_categoria"}],"about":[{"href":"https:\/\/acompanhamais.cm-tavira.pt\/index.php\/wp-json\/wp\/v2\/taxonomies\/sub_categoria"}],"wp:post_type":[{"href":"https:\/\/acompanhamais.cm-tavira.pt\/index.php\/wp-json\/wp\/v2\/posts?sub_categoria=175"},{"href":"https:\/\/acompanhamais.cm-tavira.pt\/index.php\/wp-json\/wp\/v2\/pages?sub_categoria=175"},{"href":"https:\/\/acompanhamais.cm-tavira.pt\/index.php\/wp-json\/wp\/v2\/media?sub_categoria=175"},{"href":"https:\/\/acompanhamais.cm-tavira.pt\/index.php\/wp-json\/wp\/v2\/outros?sub_categoria=175"},{"href":"https:\/\/acompanhamais.cm-tavira.pt\/index.php\/wp-json\/wp\/v2\/projetos?sub_categoria=175"}],"curies":[{"name":"wp","href":"https:\/\/api.w.org\/{rel}","templated":true}]}}