{"id":182,"count":33,"description":"","link":"https:\/\/acompanhamais.cm-tavira.pt\/index.php\/sub-categoria\/crescer-com-acao-climatica\/","name":"CRESCER COM A\u00c7\u00c3O CLIM\u00c1TICA","slug":"crescer-com-acao-climatica","taxonomy":"sub_categoria","parent":0,"meta":[],"titulo":{"value":"","rendered":""},"conteudo":{"value":"Crescer com responsabilidade significa reconhecer que o desenvolvimento de Tavira s\u00f3 ser\u00e1 verdadeiro se tiver em conta a prote\u00e7\u00e3o dos recursos naturais, qualidade de vida e que prepare as gera\u00e7\u00f5es vindouras e o seu futuro.\r\n\r\nAs altera\u00e7\u00f5es clim\u00e1ticas j\u00e1 s\u00e3o uma realidade que afeta o nosso territ\u00f3rio e que pode afetar a nossa sa\u00fade, economia e bem-estar individual e coletivo. Por isso, reafirmamos o nosso compromisso em integrar o clima em todas as nossas pol\u00edticas locais porque acreditamos que as autarquias podem ser a linha da frente no combate \u00e0 crise clim\u00e1tica com projetos e solu\u00e7\u00f5es concretas e participadas.\r\n\r\n\u00c9 por isto que temos trabalhado. Este trabalho n\u00e3o pode ser descontinuado!","rendered":"<p>Crescer com responsabilidade significa reconhecer que o desenvolvimento de Tavira s\u00f3 ser\u00e1 verdadeiro se tiver em conta a prote\u00e7\u00e3o dos recursos naturais, qualidade de vida e que prepare as gera\u00e7\u00f5es vindouras e o seu futuro.<\/p>\n<p>As altera\u00e7\u00f5es clim\u00e1ticas j\u00e1 s\u00e3o uma realidade que afeta o nosso territ\u00f3rio e que pode afetar a nossa sa\u00fade, economia e bem-estar individual e coletivo. Por isso, reafirmamos o nosso compromisso em integrar o clima em todas as nossas pol\u00edticas locais porque acreditamos que as autarquias podem ser a linha da frente no combate \u00e0 crise clim\u00e1tica com projetos e solu\u00e7\u00f5es concretas e participadas.<\/p>\n<p>\u00c9 por isto que temos trabalhado. Este trabalho n\u00e3o pode ser descontinuado!<\/p>\n"},"mandato":{"value":[{"term_id":25,"name":"Mandato 2025 - 2029","slug":"mandato-2025-2029","description":"","taxonomy":"mandato","parent":0,"term_taxonomy_id":25,"term_group":0,"count":118,"object_id":null,"term_order":null,"id":25}],"rendered":"Mandato 2025 - 2029"},"ordem":{"value":"3","rendered":"3"},"_links":{"self":[{"href":"https:\/\/acompanhamais.cm-tavira.pt\/index.php\/wp-json\/wp\/v2\/sub_categoria\/182","targetHints":{"allow":["GET"]}}],"collection":[{"href":"https:\/\/acompanhamais.cm-tavira.pt\/index.php\/wp-json\/wp\/v2\/sub_categoria"}],"about":[{"href":"https:\/\/acompanhamais.cm-tavira.pt\/index.php\/wp-json\/wp\/v2\/taxonomies\/sub_categoria"}],"wp:post_type":[{"href":"https:\/\/acompanhamais.cm-tavira.pt\/index.php\/wp-json\/wp\/v2\/posts?sub_categoria=182"},{"href":"https:\/\/acompanhamais.cm-tavira.pt\/index.php\/wp-json\/wp\/v2\/pages?sub_categoria=182"},{"href":"https:\/\/acompanhamais.cm-tavira.pt\/index.php\/wp-json\/wp\/v2\/media?sub_categoria=182"},{"href":"https:\/\/acompanhamais.cm-tavira.pt\/index.php\/wp-json\/wp\/v2\/outros?sub_categoria=182"},{"href":"https:\/\/acompanhamais.cm-tavira.pt\/index.php\/wp-json\/wp\/v2\/projetos?sub_categoria=182"}],"curies":[{"name":"wp","href":"https:\/\/api.w.org\/{rel}","templated":true}]}}